{"id":9862,"date":"2025-08-24T18:35:43","date_gmt":"2025-08-24T16:35:43","guid":{"rendered":"http:\/\/www.teatrostudio.it\/?p=9862"},"modified":"2025-08-25T11:07:03","modified_gmt":"2025-08-25T09:07:03","slug":"le-voci-della-storia-2025","status":"publish","type":"post","link":"https:\/\/www.teatrostudio.it\/index.php\/le-voci-della-storia-2025\/","title":{"rendered":"LE VOCI DELLA STORIA 2025"},"content":{"rendered":"<h2 style=\"text-align: center;\"><span style=\"color: #339966;\">LE VOCI DELLA STORIA\u00a02025<\/span><\/h2>\n<p style=\"text-align: center;\"><strong>VII EDIZIONE<\/strong><\/p>\n<p style=\"text-align: center;\"><strong>DIRETTORE, MASSIMO CARDOSA<\/strong><\/p>\n<p style=\"text-align: center;\"><strong>Musei Civici di Manciano, Biblioteca &#8220;<em>A. Morvidi&#8221;,\u00a0<\/em><em>Teatro Studio Grosseto,\u00a0<\/em><em>Circolo Arci\u00a0<\/em>\u00a0Manciano<\/strong><\/p>\n<p style=\"text-align: center;\"><a href=\"\/public\/IMG-20250515-WA0018.jpg\"><img loading=\"lazy\" decoding=\"async\" title=\"IMG-20250515-WA0018\" src=\"\/public\/IMG-20250515-WA0018-211x300.jpg\" alt=\"\" width=\"211\" height=\"300\" \/><\/a><\/p>\n<p style=\"text-align: center;\"><a href=\"\/public\/IMG-20250515-WA0019.jpg\"><img loading=\"lazy\" decoding=\"async\" title=\"IMG-20250515-WA0019\" src=\"\/public\/IMG-20250515-WA0019-211x300.jpg\" alt=\"\" width=\"211\" height=\"300\" \/><\/a><\/p>\n<p style=\"text-align: center;\"><strong>PROSSIMI INTERVENTI Teatro Studio<\/strong><\/p>\n<p style=\"text-align: center;\">24 MAGGIO 2025 ORE 17.00 &#8211;\u00a0<span style=\"color: #339966;\"><strong>&#8220;IL GIUSTIZIERE DI CELLERE&#8221;<\/strong><\/span><\/p>\n<p style=\"text-align: center;\">14 GIUGNO 2025 ORE 18.30 &#8211;\u00a0<span style=\"text-decoration: underline;\"><span style=\"color: #339966;\"><strong>&#8220;<a title=\"Miniera, Le voci della Storia 2025\" href=\"https:\/\/www.teatrostudio.it\/index.php\/le-voci-della-storia-2025-miniera-e-le-stelle-stanno-a-guardare-manciano-gr\/\"><span style=\"color: #339966; text-decoration: underline;\">MINIERA&#8230; E LE STELLE STANNO A GUARDARE<\/span><\/a>&#8220;<\/strong><\/span><\/span><\/p>\n<p style=\"text-align: center;\">9 LUGLIO 2025 ORE 21.00 &#8211;\u00a0<span style=\"text-decoration: underline;\"><span style=\"color: #339966;\"><strong><a title=\"La notte della Luna d'Oriente, Le voci della Storia 2025\" href=\"https:\/\/www.teatrostudio.it\/index.php\/la-notte-della-luna-doriente-le-voci-della-storia-2025\/\"><span style=\"color: #339966; text-decoration: underline;\">&#8220;LA NOTTE DELLA LUNA&#8230;D&#8217;ORIENTE&#8221;<\/span><\/a><\/strong><\/span><\/span><\/p>\n<p style=\"text-align: center;\">CONFERENZA-READING MUSICALE\u00a0(Manciano) EMBRE ORE 17.00<\/p>\n<p style=\"text-align: center;\">6 SETTEMBRE 2025 ORE 17.00 &#8211;\u00a0<span style=\"color: #339966;\"><strong>&#8220;IL SALE DELLA TERRA&#8221; &#8211;\u00a0<\/strong><\/span>PERFORMANCE TEATRALE SITE-SPECIFIC\u00a0 (Localit\u00e0 Marruchetone, Manciano)<\/p>\n<p style=\"text-align: center;\">Una manifestazione organizzata dai Musei Civici di Manciano e dalla Biblioteca &#8220;A. Morvidi&#8221;, con la collaborazione di Teatro Studio di Grosseto e il Circolo Arci di Manciano, giunta quest\u2019anno alla settima edizione, si propone di raccontare e illustrare la storia del territorio attraverso conferenze e spettacoli, talvolta combinati tra loro.<\/p>\n<p>Il tema della rassegna di quest\u2019anno \u00e8 <strong>\u201cLa Terra tra i Due Fiumi: un patrimonio diffuso\u2026come un museo\u201d\u00a0<\/strong><br \/>\ned \u00e8 dedicato al patrimonio culturale (materiale e umano) del comune di Manciano, che si presenta appunto come<br \/>\n\u201cterra tra i due fiumi\u201d Fiora e Albegna, patrimonio destinato gradualmente a inserirsi e strutturarsi, fisicamente e idealmente, nel Museo Diffuso della<br \/>\nComunit\u00e0 Mancianese, recentemente istituito; patrimonio costituito non solo da reperti archeologici, oggetti e monumenti, ma anche storie e persone di cui ci parlano questi oggetti e questi luoghi:<br \/>\ncontadini, minatori e uomini di cultura, la cui vita, il cui impegno e il cui lavoro sono alla base, all\u2019origine e la ragione dell\u2019istituzione del Museo Diffuso.<\/p>\n<div>Il Comune di Manciano e il Museo diffuso della comunit\u00e0 mancianese presentano la nuova edizione de <strong>\u201cLe voci della storia 2025\u201d<\/strong>. Quest&#8217;anno la rassegna \u00e8 dedicata al patrimonio culturale materiale e umano del Comune di Manciano, noto come la \u201cterra tra i due fiumi\u201d Fiora e Albegna, un territorio ricco di storia e tradizioni destinato a confluire nel Museo diffuso della comunit\u00e0 mancianese.<\/div>\n<div>L&#8217;iniziativa si propone di valorizzare le aree archeologiche meno conosciute e in via di apertura al pubblico, come il Saturnia Museo Urbano, e di mettere in risalto le collezioni comunali in via di valorizzazione, tra cui la collezione Babbanini di oggetti della vita contadina (\u201cIl Sale della Terra\u201d), i cimeli delle due guerre mondiali della collezione ex Combattenti, e la collezione Danesi di pietre e minerali locali. Oltre al patrimonio materiale, la rassegna celebra anche il patrimonio umano, raccontando la storia di contadini, minatori e uomini di cultura che hanno lasciato il segno nella comunit\u00e0. Tra i protagonisti vi saranno le figure di Alfio Cavoli e Lilio Niccolai, nonch\u00e9 il racconto delle fatiche e del coraggio dei lavoratori locali attraverso spettacoli teatrali e letture sceniche curate dal Teatro Studio Grosseto.<\/div>\n<div><\/div>\n<div><strong>Il programma degli eventi \u00e8 ricco e variegato, pensato per coinvolgere i cittadini e i visitatori in esperienze culturali di grande interesse.\u00a0<\/strong><\/div>\n<div>\u00abLe Voci della storia si conferma un appuntamento importante per la nostra comunit\u00e0, sin dall&#8217;inizio di questa amministrazione, e continuer\u00e0 a esserlo negli anni a venire grazie all&#8217;impegno di risorse significative da parte del Comune. \u00c8 un progetto culturale che punta a riscoprire e valorizzare la nostra identit\u00e0 collettiva, unendo memoria e innovazione \u2013 dichiara Matteo Bartolini, consigliere comunale con delega alla Cultura \u2013. Attraverso il Museo diffuso della comunit\u00e0 mancianese, vogliamo non solo preservare il nostro patrimonio materiale, ma anche raccontare le storie delle persone che hanno contribuito a plasmare la nostra comunit\u00e0. Eventi come questi sono fondamentali per mantenere vivo il legame tra passato e presente, coinvolgendo attivamente i cittadini e i visitatori. Ringrazio il direttore del Museo, Massimo Cardosa, Arci Manciano e la Biblioteca comunale Antonio Morvidi per la preziosa collaborazione\u00bb.<\/div>\n<div><\/div>\n<div>Si comincia<strong> domenica 6 aprile alle ore 10.00, con ritrovo in piazza Vittorio Veneto a Saturnia, con la passeggiata archeologica &#8220;Saturnia museo urbano: fuori le mura&#8221;<\/strong>. Successivamente, <strong>sabato 24 maggio alle ore 17.00, in piazza Giuseppe Garibaldi a Poggio Capanne, avr\u00e0 luogo il reading musicale <span style=\"color: #339966;\">&#8220;Il Giustiziere di Cellere&#8221;<\/span>, curato da Teatro Studio.<\/strong> Sempre dedicato alla storia del lavoro e del territorio, <strong>sabato 14 giugno alle ore 17.00, ai giardini pubblici di San Martino sul Fiora, andr\u00e0 in scena la lettura scenica<span style=\"color: #339966;\"> &#8220;Miniera&#8230; e le stelle stanno a guardare&#8221;<\/span>, a cura del Teatro Studio<\/strong>.<\/div>\n<div><strong>Sabato 28 giugno alle ore 17.00, al Circolo Arci di Manciano, si terr\u00e0 la conferenza musicale &#8220;La famiglia Chiti e la musica a Manciano&#8221;, condotta da Michele Santinelli e Cristiano Bellezzi.<\/strong><\/div>\n<div>A seguire, <strong>mercoled\u00ec 9 luglio alle ore 21.00 in piazza Magenta, a Manciano, si svolger\u00e0 l&#8217;evento <span style=\"color: #339966;\">&#8220;La notte della luna: luna d\u2019Oriente&#8221;<\/span>, una conferenza con reading teatrale a cura di Massimo Cardosa, Francesca Lotti e Teatro Studio.<\/strong> <strong>Sabato 6 settembre, alle ore 17.00, in localit\u00e0 Marruchetone (tra la Sgrilla e lo Sgrillozzo) alla Cooperativa Mazzolai, si terr\u00e0 lo spettacolo site-specific <span style=\"color: #339966;\">&#8220;Il sale della terra&#8221;<\/span>, a cura del Teatro Studio<\/strong>, che ripercorre l&#8217;occupazione delle terre a Manciano all\u2019inizio del \u2018900.<\/div>\n<div><strong>Il 27 settembre alle ore 17.00, a Le Stanze a Manciano, sar\u00e0 la volta della presentazione della Collezione Danesi e delle raccolte comunali con l&#8217;incontro intitolato &#8220;Miniere e minerali nel territorio mancianese&#8221;,<\/strong> a cura di Paolo Pratesi. <strong>Sabato 25 ottobre, sempre alle ore 17.00 e sempre a Le Stanze, sar\u00e0 dedicato alla figura di Lilio Niccolai in occasione del 100\u00b0 anniversario della sua nascita, in un evento curato da Lucio Niccolai.<\/strong> La rassegna si chiude <strong>mercoled\u00ec 6 novembre alle ore 17.00, a Le Stanze, con la presentazione della collezione di cimeli dei conflitti mondiali dell\u2019Associazione ex combattenti, nell&#8217;incontro intitolato &#8220;Mancianesi al fronte&#8221;, a cura di Daniele Pratesi<\/strong>.<\/div>\n<p style=\"text-align: center;\">\n","protected":false},"excerpt":{"rendered":"<p>LE VOCI DELLA STORIA\u00a02025 VII EDIZIONE DIRETTORE, MASSIMO CARDOSA Musei Civici di Manciano, Biblioteca &#8220;A. Morvidi&#8221;,\u00a0Teatro Studio Grosseto,\u00a0Circolo<\/p>\n","protected":false},"author":1,"featured_media":0,"comment_status":"closed","ping_status":"open","sticky":false,"template":"","format":"standard","meta":{"ngg_post_thumbnail":0,"footnotes":""},"categories":[6,5],"tags":[],"class_list":["post-9862","post","type-post","status-publish","format-standard","hentry","category-rassegna-teatrale","category-spettacoli"],"jetpack_featured_media_url":"","_links":{"self":[{"href":"https:\/\/www.teatrostudio.it\/index.php\/wp-json\/wp\/v2\/posts\/9862","targetHints":{"allow":["GET"]}}],"collection":[{"href":"https:\/\/www.teatrostudio.it\/index.php\/wp-json\/wp\/v2\/posts"}],"about":[{"href":"https:\/\/www.teatrostudio.it\/index.php\/wp-json\/wp\/v2\/types\/post"}],"author":[{"embeddable":true,"href":"https:\/\/www.teatrostudio.it\/index.php\/wp-json\/wp\/v2\/users\/1"}],"replies":[{"embeddable":true,"href":"https:\/\/www.teatrostudio.it\/index.php\/wp-json\/wp\/v2\/comments?post=9862"}],"version-history":[{"count":11,"href":"https:\/\/www.teatrostudio.it\/index.php\/wp-json\/wp\/v2\/posts\/9862\/revisions"}],"predecessor-version":[{"id":10018,"href":"https:\/\/www.teatrostudio.it\/index.php\/wp-json\/wp\/v2\/posts\/9862\/revisions\/10018"}],"wp:attachment":[{"href":"https:\/\/www.teatrostudio.it\/index.php\/wp-json\/wp\/v2\/media?parent=9862"}],"wp:term":[{"taxonomy":"category","embeddable":true,"href":"https:\/\/www.teatrostudio.it\/index.php\/wp-json\/wp\/v2\/categories?post=9862"},{"taxonomy":"post_tag","embeddable":true,"href":"https:\/\/www.teatrostudio.it\/index.php\/wp-json\/wp\/v2\/tags?post=9862"}],"curies":[{"name":"wp","href":"https:\/\/api.w.org\/{rel}","templated":true}]}}