{"id":4306,"date":"2018-02-05T17:00:10","date_gmt":"2018-02-05T16:00:10","guid":{"rendered":"http:\/\/www.teatrostudio.it\/?p=4306"},"modified":"2021-10-05T13:18:01","modified_gmt":"2021-10-05T11:18:01","slug":"gli-eccidi-di-pontelandolfo-e-casalduni","status":"publish","type":"post","link":"https:\/\/www.teatrostudio.it\/index.php\/gli-eccidi-di-pontelandolfo-e-casalduni\/","title":{"rendered":"gli eccidi di Pontelandolfo e Casalduni"},"content":{"rendered":"<p><strong>Mario Fraschetti (Teatro Studio) e Il Teatraccio in:<\/strong><\/p>\n<p><a href=\"\/public\/Pontelandolfo-con-briganti.jpg\"><img loading=\"lazy\" decoding=\"async\" class=\"aligncenter size-medium wp-image-4308\" title=\"Pontelandolfo con briganti\" src=\"\/public\/Pontelandolfo-con-briganti-300x227.jpg\" alt=\"Pontelandolfo con briganti \" width=\"300\" height=\"227\" srcset=\"\/public\/Pontelandolfo-con-briganti-300x227.jpg 300w, \/public\/Pontelandolfo-con-briganti.jpg 379w\" sizes=\"auto, (max-width: 300px) 100vw, 300px\" \/><\/a><\/p>\n<h2 style=\"text-align: center;\"><span style=\"color: #ff9900;\">\u201c14 agosto 1861\u201d<\/span><br \/>\n<span style=\"color: #ff9900;\"> gli eccidi di Pontelandolfo e Casalduni<\/span><\/h2>\n<p style=\"text-align: center;\"><strong>Domenica 25 febbraio 2018 alle ore 18:30 <\/strong><\/p>\n<p style=\"text-align: center;\"><strong>presso lo Spazio 72 , in via Ugo Bassi a Grosseto.<\/strong><\/p>\n<p><strong>Con in ordine di ingresso: Tommaso Imperio, Francesco Melani, Nunzia di Pietro,<\/strong><br \/>\n<strong>Claudio Matta, Agnese Giacomelli<\/strong><br \/>\n<strong>drammaturgia e regia: Mario Fraschetti<\/strong><br \/>\nUn lavoro con intento divulgativo, per ricordare e non far dimenticare uno dei tanti efferati episodi, tenuti nascosti, che hanno macchiato la nostra storia di nazione.<br \/>\nSono passati centocinquanta anni da eccidi spaventosi, vendette, bagni di sangue innocente, ma l\u2018eco di quegli eventi non si \u00e8 cancellata.<\/p>\n<p><a href=\"\/public\/150-annivarsario-eccidi-di-Pontelandolfo-e-Casalduni.jpg\"><img loading=\"lazy\" decoding=\"async\" class=\"aligncenter\" title=\"150 anniversario eccidi di Pontelandolfo e Casalduni\" src=\"\/public\/150-annivarsario-eccidi-di-Pontelandolfo-e-Casalduni-300x225.jpg\" alt=\"150\u00b0 anniversario eccidi di Pontelandolfo e Casalduni 14 agosto 1861\" width=\"300\" height=\"225\" \/><\/a><br \/>\nQuanti furono i morti da una e dall\u2019altra parte? Come poterono dei giovani soldati trasformarsi in spietati assassini?<br \/>\nUna messa in scena calda ed avvolgente, in parte in dialetto napoletano impostata sulla tecnica del racconto\/teatro sociale, con alcune \u201cincursioni teatrali\u201d (scene drammatizzate), canti e ballate.<\/p>\n<p><a href=\"\/public\/lapide-pontelandolfo-light.jpg\"><img loading=\"lazy\" decoding=\"async\" class=\"aligncenter size-medium wp-image-4312\" title=\"lapide pontelandolfo \" src=\"\/public\/lapide-pontelandolfo-light-300x225.jpg\" alt=\"lapide napolitano  eccidi di Pontelandolfo e Casalduni\" width=\"300\" height=\"225\" srcset=\"\/public\/lapide-pontelandolfo-light-300x225.jpg 300w, \/public\/lapide-pontelandolfo-light-1024x768.jpg 1024w, \/public\/lapide-pontelandolfo-light.jpg 1296w\" sizes=\"auto, (max-width: 300px) 100vw, 300px\" \/><\/a><\/p>\n<p>&nbsp;<\/p>\n<p>Data la scarsa disponibilit\u00e0 di posti \u00e8 indispensabile prenotare entro venerd\u00ec 23,<br \/>\nInformazioni e prenotazioni 324 8462363<\/p>\n<p><a href=\"\/public\/Renato-Rinaldi-e-Mario-Fraschetti.jpg\"><img loading=\"lazy\" decoding=\"async\" class=\"aligncenter size-medium wp-image-4310\" title=\"Renato Rinaldi e Mario Fraschetti\" src=\"\/public\/Renato-Rinaldi-e-Mario-Fraschetti-300x175.jpg\" alt=\"Rinaldi Fraschetti eccidio pontelandolfo \" width=\"300\" height=\"175\" srcset=\"\/public\/Renato-Rinaldi-e-Mario-Fraschetti-300x175.jpg 300w, \/public\/Renato-Rinaldi-e-Mario-Fraschetti-1024x600.jpg 1024w, \/public\/Renato-Rinaldi-e-Mario-Fraschetti.jpg 1061w\" sizes=\"auto, (max-width: 300px) 100vw, 300px\" \/><\/a><\/p>\n","protected":false},"excerpt":{"rendered":"<p>Mario Fraschetti (Teatro Studio) e Il Teatraccio in: \u201c14 agosto 1861\u201d gli eccidi di Pontelandolfo e Casalduni Domenica<\/p>\n","protected":false},"author":1,"featured_media":0,"comment_status":"closed","ping_status":"open","sticky":false,"template":"","format":"standard","meta":{"ngg_post_thumbnail":0,"footnotes":""},"categories":[17,23],"tags":[],"class_list":["post-4306","post","type-post","status-publish","format-standard","hentry","category-teatro-di-denuncia","category-archivio-spettacoli-in-programma"],"jetpack_featured_media_url":"","_links":{"self":[{"href":"https:\/\/www.teatrostudio.it\/index.php\/wp-json\/wp\/v2\/posts\/4306","targetHints":{"allow":["GET"]}}],"collection":[{"href":"https:\/\/www.teatrostudio.it\/index.php\/wp-json\/wp\/v2\/posts"}],"about":[{"href":"https:\/\/www.teatrostudio.it\/index.php\/wp-json\/wp\/v2\/types\/post"}],"author":[{"embeddable":true,"href":"https:\/\/www.teatrostudio.it\/index.php\/wp-json\/wp\/v2\/users\/1"}],"replies":[{"embeddable":true,"href":"https:\/\/www.teatrostudio.it\/index.php\/wp-json\/wp\/v2\/comments?post=4306"}],"version-history":[{"count":6,"href":"https:\/\/www.teatrostudio.it\/index.php\/wp-json\/wp\/v2\/posts\/4306\/revisions"}],"predecessor-version":[{"id":4309,"href":"https:\/\/www.teatrostudio.it\/index.php\/wp-json\/wp\/v2\/posts\/4306\/revisions\/4309"}],"wp:attachment":[{"href":"https:\/\/www.teatrostudio.it\/index.php\/wp-json\/wp\/v2\/media?parent=4306"}],"wp:term":[{"taxonomy":"category","embeddable":true,"href":"https:\/\/www.teatrostudio.it\/index.php\/wp-json\/wp\/v2\/categories?post=4306"},{"taxonomy":"post_tag","embeddable":true,"href":"https:\/\/www.teatrostudio.it\/index.php\/wp-json\/wp\/v2\/tags?post=4306"}],"curies":[{"name":"wp","href":"https:\/\/api.w.org\/{rel}","templated":true}]}}