{"id":4297,"date":"2018-02-26T18:55:58","date_gmt":"2018-02-26T17:55:58","guid":{"rendered":"http:\/\/www.teatrostudio.it\/?p=4297"},"modified":"2023-10-02T13:49:21","modified_gmt":"2023-10-02T11:49:21","slug":"mare-nostro-allievi-teatro-studio","status":"publish","type":"post","link":"https:\/\/www.teatrostudio.it\/index.php\/mare-nostro-allievi-teatro-studio\/","title":{"rendered":"MARE NOSTRO &#8211; allievi Teatro Studio"},"content":{"rendered":"<h2><strong><span style=\"color: #0000ff;\"><a href=\"\/public\/saggio-2018-mare-nostro-copia.jpg\"><img loading=\"lazy\" decoding=\"async\" class=\"aligncenter size-medium wp-image-4290\" title=\"saggio 2018 mare nostro copia\" src=\"\/public\/saggio-2018-mare-nostro-copia-212x300.jpg\" alt=\"mare nostro erri de luca fabio geda in mare ci sono i coccodrilli teatro\" width=\"212\" height=\"300\" srcset=\"\/public\/saggio-2018-mare-nostro-copia-212x300.jpg 212w, \/public\/saggio-2018-mare-nostro-copia-723x1024.jpg 723w, \/public\/saggio-2018-mare-nostro-copia.jpg 1240w\" sizes=\"auto, (max-width: 212px) 100vw, 212px\" \/><\/a><\/span><\/strong><\/h2>\n<h2><strong><span style=\"color: #0000ff;\">MARE NOSTRO<\/span><br \/>\n<\/strong><\/h2>\n<p><strong>mercoled\u00ec 28 febbraio ore 20.00<\/strong><\/p>\n<p><strong>GROSSETO<\/strong><\/p>\n<p><strong>Spazio72, via Ugo Bassi, 72<\/strong><\/p>\n<p><strong><\/strong><br \/>\n<span style=\"color: #3366ff;\"><strong>GLI ALLIEVI<\/strong><\/span><br \/>\n<span style=\"color: #3366ff;\"> <strong>DEL TEATRO STUDIO<\/strong><\/span><\/p>\n<p><span style=\"color: #3366ff;\"><strong>elaborazione dei testi e regia di DANIELA MARRETTI<\/strong><\/span><\/p>\n<div>\n<div dir=\"auto\">\n<div dir=\"auto\">Performance dedicata al tema<\/div>\n<div dir=\"auto\"><span style=\"color: #3366ff;\"><strong>dell&#8217;immigrazione<\/strong>.<\/span><\/div>\n<div dir=\"auto\">Testi tratti da <em>poesie<\/em> di Erri de Luca e dal racconto<em> In mare ci sono i coccodrilli<\/em> di Fabio Geda,<\/div>\n<div dir=\"auto\">immagini e musica tratte dall&#8217;ultimo video di Luca Basville &#8220;Mare nostro&#8221; (tratto dal disco Basville).<\/div>\n<div dir=\"auto\"><\/div>\n<div dir=\"auto\">&#8212;<\/div>\n<div dir=\"auto\">Un momento di studio tecnico, che il laboratorio del teatro studio offre agli allievi a met\u00e0 del percorso annuale, ma anche un momento di riflessione e condivisione di temi civili, che da sempre caratterizza il lavoro del Teatro Studio Arci di Grosseto. Il teatro come veicolo di denuncia e partecipazione alle problematiche sociali, politiche e civili, il teatro come strumento di mediazione: questo si intende far comprendere agli allievi, che con grande passione ed apertura umana, ogni anno, da trenta anni, fanno un pezzo di strada della loro vita e della loro formazione, col Teatro Studio.<\/div>\n<div dir=\"auto\">La performance &#8220;Mare Nostro&#8221;, ideato e diretto dalla coodirettrice artistica del Teatro Studio Daniela Marretti, \u00e8 un allestimento asciutto, stilizzato, una narrazione collettiva dai toni realistici, che si propone di raccontare la realt\u00e0 per quello che \u00e8, senza intento artistico, n\u00e9 drammatico.<\/div>\n<div dir=\"auto\"><\/div>\n<div dir=\"auto\">Il progetto non nasce solo come esperienza teatrale interna al laboratorio, ma si collega ad un pi\u00f9 vasto evento organizzato da Arci Khorakhan\u00e9 di Grosseto, nell&#8217;ambito della Festa della Toscana 2017-2018.\u00a0 Inoltre, ci teniamo a sottolinearlo, questa esperienza,\u00a0 su appassionato suggerimento di un gruppo di allieve, gi\u00e0 \u00a0impegnate sul fronte dell&#8217;insegnamento agli stranieri nel centro di accoglienza di Montorgiali , (Gr) &#8211; verr\u00e0 portato in alcuni paesi della provincia, che abbiano centri di accoglienza o che ospitino immigrati, per suscitare un confronto positivo con gli abitanti.<\/div>\n<div dir=\"auto\"><\/div>\n<div dir=\"auto\">&#8220;Riteniamo che la migliore risposta alla paura e alla separazione, coltivata abilmente dal potere, ora, come sempre nella storia, sia quella di crescere con uno spirito aperto e comunitario ed essere in mezzo agli altri per riconoscerne il disagio e portare informazione e verit\u00e0. La soluzione di questi problemi, come di altri, non dipender\u00e0 da noi, ma la volont\u00e0 di convivere pacificamente, quella s\u00ec, possiamo costruirla e salvaguardarla ogni giorno della nostra vita&#8221;. <em>(Daniela Marretti)<\/em><\/div>\n<div dir=\"auto\"><a href=\"\/public\/IMG-20231001-WA0016.jpg\"><img loading=\"lazy\" decoding=\"async\" class=\"alignnone size-thumbnail wp-image-8857\" title=\"mare nostro performance immigrazione\" src=\"\/public\/IMG-20231001-WA0016-150x150.jpg\" alt=\"\" width=\"150\" height=\"150\" \/>\u00a0 <\/a><a href=\"\/public\/IMG-20231001-WA0017.jpg\"><img loading=\"lazy\" decoding=\"async\" class=\"alignnone size-thumbnail wp-image-8858\" title=\"mare nostro 2 performance immigrazione\" src=\"\/public\/IMG-20231001-WA0017-150x150.jpg\" alt=\"\" width=\"150\" height=\"150\" srcset=\"\/public\/IMG-20231001-WA0017-150x150.jpg 150w, \/public\/IMG-20231001-WA0017-300x300.jpg 300w, \/public\/IMG-20231001-WA0017-1024x1024.jpg 1024w, \/public\/IMG-20231001-WA0017.jpg 1080w\" sizes=\"auto, (max-width: 150px) 100vw, 150px\" \/><\/a><a href=\"\/public\/IMG-20231001-WA0016.jpg\">\u00a0\u00a0 <\/a><a href=\"\/public\/IMG-20231001-WA0018.jpg\"><img loading=\"lazy\" decoding=\"async\" class=\"alignnone size-thumbnail wp-image-8859\" title=\"mare nostro 3 performance immigrazione\" src=\"\/public\/IMG-20231001-WA0018-150x150.jpg\" alt=\"\" width=\"150\" height=\"150\" srcset=\"\/public\/IMG-20231001-WA0018-150x150.jpg 150w, \/public\/IMG-20231001-WA0018-300x300.jpg 300w, \/public\/IMG-20231001-WA0018.jpg 1019w\" sizes=\"auto, (max-width: 150px) 100vw, 150px\" \/><\/a><\/div>\n<\/div>\n<div dir=\"auto\"><\/div>\n<div dir=\"auto\"><a href=\"\/public\/IMG-20231001-WA0019.jpg\"><img loading=\"lazy\" decoding=\"async\" class=\"alignnone size-thumbnail wp-image-8861\" title=\"mare nostro 4 performance immigrazione\" src=\"\/public\/IMG-20231001-WA0019-150x150.jpg\" alt=\"\" width=\"150\" height=\"150\" srcset=\"\/public\/IMG-20231001-WA0019-150x150.jpg 150w, \/public\/IMG-20231001-WA0019-300x300.jpg 300w, \/public\/IMG-20231001-WA0019.jpg 899w\" sizes=\"auto, (max-width: 150px) 100vw, 150px\" \/>\u00a0 <\/a><a href=\"\/public\/IMG-20231001-WA0021.jpg\"><img loading=\"lazy\" decoding=\"async\" class=\"alignnone size-thumbnail wp-image-8862\" title=\"mare nostro 6 performance immigrazione\" src=\"\/public\/IMG-20231001-WA0021-150x150.jpg\" alt=\"\" width=\"150\" height=\"150\" srcset=\"\/public\/IMG-20231001-WA0021-150x150.jpg 150w, \/public\/IMG-20231001-WA0021-300x300.jpg 300w, \/public\/IMG-20231001-WA0021-1024x1024.jpg 1024w, \/public\/IMG-20231001-WA0021.jpg 1080w\" sizes=\"auto, (max-width: 150px) 100vw, 150px\" \/>\u00a0\u00a0 <\/a><a href=\"\/public\/IMG-20231001-WA0023.jpg\"><img loading=\"lazy\" decoding=\"async\" class=\"alignnone size-thumbnail wp-image-8863\" title=\"mare nostro 7 performance allievi immigrazione\" src=\"\/public\/IMG-20231001-WA0023-150x150.jpg\" alt=\"\" width=\"150\" height=\"150\" srcset=\"\/public\/IMG-20231001-WA0023-150x150.jpg 150w, \/public\/IMG-20231001-WA0023-300x300.jpg 300w, \/public\/IMG-20231001-WA0023.jpg 1004w\" sizes=\"auto, (max-width: 150px) 100vw, 150px\" \/><\/a><\/div>\n<\/div>\n<div dir=\"auto\"><\/div>\n<div style=\"text-align: center;\" dir=\"auto\"><a href=\"\/public\/IMG-20231001-WA0022.jpg\"><img loading=\"lazy\" decoding=\"async\" class=\"alignnone size-thumbnail wp-image-8864\" title=\"mare nostro 9 performance allievi sul tema della immigrazione clandestina\" src=\"\/public\/IMG-20231001-WA0022-150x150.jpg\" alt=\"\" width=\"150\" height=\"150\" srcset=\"\/public\/IMG-20231001-WA0022-150x150.jpg 150w, \/public\/IMG-20231001-WA0022-300x300.jpg 300w, \/public\/IMG-20231001-WA0022.jpg 789w\" sizes=\"auto, (max-width: 150px) 100vw, 150px\" \/><\/a><\/div>\n","protected":false},"excerpt":{"rendered":"<p>MARE NOSTRO mercoled\u00ec 28 febbraio ore 20.00 GROSSETO Spazio72, via Ugo Bassi, 72 GLI ALLIEVI DEL TEATRO STUDIO<\/p>\n","protected":false},"author":1,"featured_media":0,"comment_status":"closed","ping_status":"open","sticky":false,"template":"","format":"standard","meta":{"ngg_post_thumbnail":0,"footnotes":""},"categories":[18,17],"tags":[],"class_list":["post-4297","post","type-post","status-publish","format-standard","hentry","category-saggi-laboratorio-teatrale","category-teatro-di-denuncia"],"jetpack_featured_media_url":"","_links":{"self":[{"href":"https:\/\/www.teatrostudio.it\/index.php\/wp-json\/wp\/v2\/posts\/4297","targetHints":{"allow":["GET"]}}],"collection":[{"href":"https:\/\/www.teatrostudio.it\/index.php\/wp-json\/wp\/v2\/posts"}],"about":[{"href":"https:\/\/www.teatrostudio.it\/index.php\/wp-json\/wp\/v2\/types\/post"}],"author":[{"embeddable":true,"href":"https:\/\/www.teatrostudio.it\/index.php\/wp-json\/wp\/v2\/users\/1"}],"replies":[{"embeddable":true,"href":"https:\/\/www.teatrostudio.it\/index.php\/wp-json\/wp\/v2\/comments?post=4297"}],"version-history":[{"count":5,"href":"https:\/\/www.teatrostudio.it\/index.php\/wp-json\/wp\/v2\/posts\/4297\/revisions"}],"predecessor-version":[{"id":8860,"href":"https:\/\/www.teatrostudio.it\/index.php\/wp-json\/wp\/v2\/posts\/4297\/revisions\/8860"}],"wp:attachment":[{"href":"https:\/\/www.teatrostudio.it\/index.php\/wp-json\/wp\/v2\/media?parent=4297"}],"wp:term":[{"taxonomy":"category","embeddable":true,"href":"https:\/\/www.teatrostudio.it\/index.php\/wp-json\/wp\/v2\/categories?post=4297"},{"taxonomy":"post_tag","embeddable":true,"href":"https:\/\/www.teatrostudio.it\/index.php\/wp-json\/wp\/v2\/tags?post=4297"}],"curies":[{"name":"wp","href":"https:\/\/api.w.org\/{rel}","templated":true}]}}