{"id":3266,"date":"2015-12-01T19:21:54","date_gmt":"2015-12-01T18:21:54","guid":{"rendered":"http:\/\/www.teatrostudio.it\/?p=3266"},"modified":"2021-10-05T11:57:31","modified_gmt":"2021-10-05T09:57:31","slug":"elvis-il-treno-della-ribalta","status":"publish","type":"post","link":"https:\/\/www.teatrostudio.it\/index.php\/elvis-il-treno-della-ribalta\/","title":{"rendered":"Elvis, il treno della ribalta"},"content":{"rendered":"<p><strong><a href=\"\/public\/RASSEGNA-15-16-locandina-ELVIS-copia.jpg\"><img loading=\"lazy\" decoding=\"async\" title=\"ELVIS IL TRENO DELLA RIBALTA\" src=\"\/public\/RASSEGNA-15-16-locandina-ELVIS-copia-212x300.jpg\" alt=\"TEATRO DELLO SBAGLIO COSIMO POSTIGLIONE\" width=\"212\" height=\"300\" \/><\/a><\/strong><\/p>\n<p style=\"text-align: center;\"><span style=\"color: #ff6600;\"><strong>RASSEGNA SPAZIO 72 <\/strong><\/span><\/p>\n<p style=\"text-align: center;\"><span style=\"color: #ff6600;\"><strong>V EDIZIONE 2015-2016\u00a0<\/strong><\/span><\/p>\n<p align=\"center\"><strong>pi\u00e9ces teatrali, reading musicali, monologhi, teatro di figura e narrazione per bambini<\/strong><\/p>\n<p align=\"center\"><strong>Al suo quinto anno consecutivo, riparte la Rassegna Teatrale del Teatro Studio di Grosseto, con la collaborazione del Circolo Arci Khorakhan\u00e9.<\/strong><\/p>\n<p align=\"center\"><strong>Presso Spazio72, via Ugo Bassi 72, 74 a Grosseto.<\/strong><\/p>\n<p align=\"center\"><span style=\"color: #ff0000;\"><strong>domenica 6 dicembre ore 18:00<br \/>\n<\/strong><\/span><\/p>\n<p align=\"center\"><em>teatro-canzone<\/em><\/p>\n<h2 align=\"center\"><strong>\u201cElvis, il treno della ribalta\u201d<\/strong><\/h2>\n<p align=\"center\"><em>uno spettacolo di e con <\/em>Cosimo Postiglione<\/p>\n<p align=\"center\"><em>musiche di<\/em> Leadbelly, B. Monroe, A. Crudup, M. Axton, T. Durden, E. Presley<\/p>\n<p align=\"center\"><em>arrangiate ed eseguite da<\/em> Amedeo Monda<\/p>\n<p align=\"center\"><em>prodotto da<\/em> TEATRO DELLO SBAGLIO<\/p>\n<p>&nbsp;<\/p>\n<p>\u201c<em>C\u2019\u00e8 chi muove le gambe, chi schiocca le dita e chi si muove da una parte all\u2019altra. Io faccio un po\u2019 tutto assieme, direi<\/em>\u201d. E. A. Presley.<\/p>\n<p>&nbsp;<\/p>\n<p>Teatro canzone &#8211; Nel silenzio del camerino di un teatro Elvis si prepara a rientrare sulle scene dopo molti anni di silenzio. Un tempo era stato il cantante pi\u00f9 conosciuto al mondo e le sue canzoni avevano fatto da colonna sonora ai sogni dei suoi coetanei. Lo chiamavano il Re. Ora \u00e8 cambiato tutto. I giovani che lo celebravano sono cresciuti. Ascoltano la musica soltanto quando tornano stanchi dagli uffici dove lavorano oppure accendono la tv mentre si consumano la cena. Le nuove generazioni, invece, si appassionano a nuovi cantanti, a nuovi ritmi e rincorrono i loro desideri in compagnia di altri idoli. Anche Elvis non \u00e8 pi\u00f9 lo stesso. \u00e8 invecchiato e il peso del successo ha schiacciato il ragazzo fragile che sta dietro all\u2019uomo di spettacolo.<\/p>\n<p>&nbsp;<\/p>\n<p align=\"center\">Di seguito I PROSSIMI EVENTI (non in ordine di data ma per suddivisione bambini\/adulti)<\/p>\n<p align=\"center\"><strong>BAMBINI<\/strong><\/p>\n<p align=\"center\"><strong>\u00a0<\/strong><\/p>\n<p align=\"center\"><strong>domenica 24 gennaio<\/strong><\/p>\n<p align=\"center\"><em>teatro comico<\/em><\/p>\n<p align=\"center\"><strong>\u201cIl Circo inventato\u201d<\/strong><\/p>\n<p align=\"center\"><em>Teatro del Topo Birbante <\/em><\/p>\n<p align=\"center\">con Stefano Stefani e Irene Paoletti<\/p>\n<p align=\"center\"><strong>\u00a0<\/strong><\/p>\n<p align=\"center\"><strong>domenica 21 febbraio<\/strong><\/p>\n<p align=\"center\"><em>burattini<\/em><\/p>\n<p align=\"center\"><strong>\u00a0\u201cLillo Lallo e la Guerra\u201d<\/strong><\/p>\n<p align=\"center\"><em>Compagnia Teatrale Saltapalchi<\/em><\/p>\n<p align=\"center\">con Esther Cerri e Lucio Fontani<\/p>\n<p align=\"center\">&#8212;<\/p>\n<p align=\"center\"><strong>domenica 20 marzo<\/strong><\/p>\n<p align=\"center\"><em>piccoli pupazzi e ombre<\/em><\/p>\n<p align=\"center\"><strong>&#8220;Mondo Sottomarino&#8221;<\/strong><\/p>\n<p align=\"center\"><em>Il Bernoccolo<\/em><\/p>\n<p align=\"center\"><em>con Miguel Rosario e Esther Cerri<\/em><\/p>\n<p align=\"center\"><em>ideazione, pupazzi e regia, Miguel Rosario<\/em><\/p>\n<p align=\"center\">&#8212;&#8212;&#8212;&#8212;&#8212;&#8212;-<\/p>\n<p align=\"center\"><strong>ADULTI<\/strong><\/p>\n<p align=\"center\"><strong>\u00a0<\/strong><\/p>\n<p align=\"center\"><strong>domenica\u00a031 gennaio<\/strong><\/p>\n<p align=\"center\"><em>reading musicale<\/em><\/p>\n<p align=\"center\"><strong>\u00a0\u201cFrammenti di Stelle\u201d<\/strong><\/p>\n<p align=\"center\">omosessuali, rom, donne nel <em>firmamento <\/em>della Shoah<\/p>\n<p align=\"center\"><em>Teatro Studio<\/em><\/p>\n<p align=\"center\">con Enrica Pistolesi, Luca Pierini, Daniela Marretti<\/p>\n<p align=\"center\">\u00a0Massimo Pallini (chitarra)<\/p>\n<p align=\"center\">&#8212;<\/p>\n<p align=\"center\"><strong>venerd\u00ec 12 febbraio<\/strong><\/p>\n<p align=\"center\"><em>evento gratuito<\/em><strong><br \/>\n<\/strong><\/p>\n<p align=\"center\"><em>PRESENTAZIONE DISCO<\/em><\/p>\n<p align=\"center\"><em>Paolo Mari \u00a0e David \u00a0Domilici<\/em><\/p>\n<p align=\"center\"><em>(chitarra e percussioni)<\/em><\/p>\n<p align=\"center\"><strong><br \/>\n<\/strong><\/p>\n<p align=\"center\"><strong>domenica 28 febbraio<\/strong><\/p>\n<p align=\"center\"><em>spettacolo adulti, teatro e danza<\/em><\/p>\n<p align=\"center\"><strong>\u201cE\u2019 arrivato Zampano&#8217;!\u201d<\/strong><\/p>\n<p align=\"center\"><em>Arts&amp;Crafts <\/em><\/p>\n<p align=\"center\">con Mirio Tozzini e Isabella Tattarletti<\/p>\n<p align=\"center\">regia, Irene Paoletti<\/p>\n<p align=\"center\"><strong>\u00a0<\/strong><\/p>\n<p align=\"center\"><strong>domenica 3 aprile <\/strong><\/p>\n<p align=\"center\"><em>spettacolo per adulti, comico poetico<\/em><\/p>\n<p align=\"center\"><strong>\u2026Strange love\u2026 <\/strong><\/p>\n<p align=\"center\"><em>Chicchi d\u2019Arte<\/em><\/p>\n<p align=\"center\">con Valeria Petri ed Emanuele Culotta<\/p>\n<p align=\"center\">ideazione e regia Valeri Petri<\/p>\n<p><strong>Informazioni:<\/strong> <strong>TEATRO STUDIO<\/strong> &#8211; Via Ugo Bassi n.72 &#8211; ingresso 8,00\u20ac<\/p>\n<p>prenotare al 392.0686787 &#8211; email <a href=\"mailto:teatrostudio@gmail.com\">teatrostudio@gmail.com<\/a><\/p>\n<p><a href=\"\/public\/RASSEGNA-15-16-MANIFESTO-A4.jpg\"><img loading=\"lazy\" decoding=\"async\" title=\"RASSEGNA 15-16 MANIFESTO A4\" src=\"\/public\/RASSEGNA-15-16-MANIFESTO-A4-212x300.jpg\" alt=\"\" width=\"212\" height=\"300\" \/><\/a><\/p>\n","protected":false},"excerpt":{"rendered":"<p>RASSEGNA SPAZIO 72 V EDIZIONE 2015-2016\u00a0 pi\u00e9ces teatrali, reading musicali, monologhi, teatro di figura e narrazione per bambini<\/p>\n","protected":false},"author":1,"featured_media":0,"comment_status":"closed","ping_status":"open","sticky":false,"template":"","format":"standard","meta":{"ngg_post_thumbnail":0,"footnotes":""},"categories":[23],"tags":[],"class_list":["post-3266","post","type-post","status-publish","format-standard","hentry","category-archivio-spettacoli-in-programma"],"jetpack_featured_media_url":"","_links":{"self":[{"href":"https:\/\/www.teatrostudio.it\/index.php\/wp-json\/wp\/v2\/posts\/3266","targetHints":{"allow":["GET"]}}],"collection":[{"href":"https:\/\/www.teatrostudio.it\/index.php\/wp-json\/wp\/v2\/posts"}],"about":[{"href":"https:\/\/www.teatrostudio.it\/index.php\/wp-json\/wp\/v2\/types\/post"}],"author":[{"embeddable":true,"href":"https:\/\/www.teatrostudio.it\/index.php\/wp-json\/wp\/v2\/users\/1"}],"replies":[{"embeddable":true,"href":"https:\/\/www.teatrostudio.it\/index.php\/wp-json\/wp\/v2\/comments?post=3266"}],"version-history":[{"count":5,"href":"https:\/\/www.teatrostudio.it\/index.php\/wp-json\/wp\/v2\/posts\/3266\/revisions"}],"predecessor-version":[{"id":3268,"href":"https:\/\/www.teatrostudio.it\/index.php\/wp-json\/wp\/v2\/posts\/3266\/revisions\/3268"}],"wp:attachment":[{"href":"https:\/\/www.teatrostudio.it\/index.php\/wp-json\/wp\/v2\/media?parent=3266"}],"wp:term":[{"taxonomy":"category","embeddable":true,"href":"https:\/\/www.teatrostudio.it\/index.php\/wp-json\/wp\/v2\/categories?post=3266"},{"taxonomy":"post_tag","embeddable":true,"href":"https:\/\/www.teatrostudio.it\/index.php\/wp-json\/wp\/v2\/tags?post=3266"}],"curies":[{"name":"wp","href":"https:\/\/api.w.org\/{rel}","templated":true}]}}