{"id":3211,"date":"2015-11-05T15:24:11","date_gmt":"2015-11-05T14:24:11","guid":{"rendered":"http:\/\/www.teatrostudio.it\/?p=3211"},"modified":"2021-10-05T11:59:58","modified_gmt":"2021-10-05T09:59:58","slug":"rassegna-2015-16-la-valigia-dei-sogni","status":"publish","type":"post","link":"https:\/\/www.teatrostudio.it\/index.php\/rassegna-2015-16-la-valigia-dei-sogni\/","title":{"rendered":"rassegna 2015-16 &#8211; La valigia dei sogni"},"content":{"rendered":"<p><a href=\"\/public\/RASSEGNA-15-16-MANIFESTO-A4.jpg\"><img loading=\"lazy\" decoding=\"async\" class=\"aligncenter size-medium wp-image-3191\" title=\"RASSEGNA teatrale 2015-16 grosseto\" src=\"\/public\/RASSEGNA-15-16-MANIFESTO-A4-212x300.jpg\" alt=\"spazio72 khorakhan\u00e9 zampan\u00f2 arts&amp;crafts\" width=\"212\" height=\"300\" srcset=\"\/public\/RASSEGNA-15-16-MANIFESTO-A4-212x300.jpg 212w, \/public\/RASSEGNA-15-16-MANIFESTO-A4-725x1024.jpg 725w, \/public\/RASSEGNA-15-16-MANIFESTO-A4.jpg 1240w\" sizes=\"auto, (max-width: 212px) 100vw, 212px\" \/><\/a><\/p>\n<h2 style=\"text-align: center;\"><span style=\"color: #ff6600;\"><strong>RASSEGNA SPAZIO 72 <\/strong><\/span><\/h2>\n<h2 style=\"text-align: center;\"><span style=\"color: #ff6600;\"><strong>V EDIZIONE 2015-2016\u00a0<\/strong><\/span><\/h2>\n<p align=\"center\"><strong>pi\u00e9ces teatrali, reading musicali, monologhi, teatro di figura e narrazione per bambini<\/strong><\/p>\n<p align=\"center\"><strong>Al suo quinto anno consecutivo, riparte la Rassegna Teatrale del Teatro Studio di Grosseto, con la collaborazione del Circolo Arci Khorakhan\u00e9.<\/strong><\/p>\n<p align=\"center\"><strong>Presso Spazio72, via Ugo Bassi 72, 74 a Grosseto.<\/strong><\/p>\n<h2 align=\"center\"><span style=\"color: #008000;\"><strong>domenica 8 novembre<\/strong><\/span><\/h2>\n<h2 align=\"center\"><em>variet\u00e0 comico-surreale per grandi e piccini<\/em><\/h2>\n<h2 align=\"center\"><span style=\"color: #ffcc00;\"><strong>\u201cLa valigia dei sogni\u201d <\/strong><\/span><\/h2>\n<h2 align=\"center\"><em>Compagnia Teatrale Saltapalchi <\/em><\/h2>\n<h2 align=\"center\">con Esther Cerri e Valeria Petri<\/h2>\n<p align=\"center\"><strong>\u00a0<\/strong><\/p>\n<p>Apre il cartellone della V edizione della Rassegna del Teatro Studio,\u00a0 lo spettacolo dedicato ai bambini e alle famiglie <strong>&#8220;La valigia dei sogni&#8221;<\/strong> a cura della Compagnia Teatrale Saltapalchi, con Valeria Petri ed Esther Cerri.<\/p>\n<p>Compagnia emergente, che si \u00e8 fatta notare per l&#8217;intensa attivit\u00e0 estiva dedicata ai bambini, sia nell&#8217;ambito del Teatro di Figura che del teatro di animazione (reading musicali in strada, truccabimbi, laboratori espressivi di vario genere), che ha voluto, con questo spettacolo, &#8220;omaggiare lo stupore&#8221; e la capacit\u00e0 di &#8220;guardare oltre&#8221;. Lo ha fatto recuperando dal repertorio classico famose clownerie, mescolando linguaggi (danza, pantomima, teatro di parola) e proponendo pi\u00f9 che una storia, un viaggio nella poesia, nell&#8217;allegria, nella bellezza. Adatto sicuramente ad un pubblico adulto che apprezzi la dimensione surreale, godibile per i bambini dai sei anni.<\/p>\n<p>\u201c<em>Che lavoro vorrei fare da grande? Chi sogno di diventare? Quali sono i mestieri che mi piacciono?\u201d<\/em><\/p>\n<p><em>\u201cLa Valigia dei Sogni\u201d con la sua comicit\u00e0 poetica ed assurda ci trasporta dentro ai vari mestieri\u00a0 osservandoli da un punto di vista non convenzionale\u00a0 e tra una risata e l\u2019altra lascia il tempo ai sogni che sono stati, che ancora sono e che saranno.<\/em><\/p>\n<p><em>E\u2019 un p\u00f2 come se ognuno di noi portasse con s\u00e9 una valigia piena di speranze che spingono per uscire e diventare realt\u00e0.\u201d<\/em><\/p>\n<p style=\"text-align: left;\" align=\"center\">Di seguito i prossimi eventi (non in ordine di data ma per suddivisione bambini\/adulti):<\/p>\n<h2 align=\"center\"><span style=\"color: #008000;\"><strong>BAMBINI<\/strong><\/span><\/h2>\n<p align=\"center\"><span style=\"color: #008000;\"><strong>domenica 24 gennaio<\/strong><\/span><\/p>\n<p align=\"center\"><em>teatro comico<\/em><\/p>\n<p align=\"center\"><span style=\"color: #ffcc00;\"><strong>\u201cIl Circo inventato\u201d<\/strong><\/span><\/p>\n<p align=\"center\"><em>Teatro del Topo Birbante <\/em><\/p>\n<p align=\"center\">con Stefano Stefani e Irene Paoletti<\/p>\n<p align=\"center\"><strong>\u00a0<\/strong><\/p>\n<p align=\"center\"><span style=\"color: #008000;\"><strong>domenica 21 febbraio<\/strong><\/span><\/p>\n<p align=\"center\"><em>burattini<\/em><\/p>\n<p align=\"center\"><span style=\"color: #ffcc00;\"><strong>\u00a0\u201cLillo Lallo e la Guerra\u201d<\/strong><\/span><\/p>\n<p align=\"center\"><em>Compagnia Teatrale Saltapalchi<\/em><\/p>\n<p align=\"center\">con Esther Cerri e Lucio Fontani<\/p>\n<p align=\"center\">&#8212;<\/p>\n<p align=\"center\"><span style=\"color: #008000;\"><strong>domenica 20 marzo<\/strong><\/span><\/p>\n<p align=\"center\"><em>piccoli pupazzi e ombre<\/em><\/p>\n<p align=\"center\"><span style=\"color: #ffcc00;\"><strong>\u201cMondo Sottomarino\u201d<\/strong><\/span><\/p>\n<p align=\"center\"><em>Il Bernoccolo<\/em><\/p>\n<p align=\"center\"><em>con Miguel Rosario e Esther Cerri<\/em><\/p>\n<p align=\"center\"><em>ideazione, pupazzi e regia, Miguel Rosario<\/em><\/p>\n<p align=\"center\">\u2014\u2013<\/p>\n<p align=\"center\"><span style=\"color: #ff0000;\"><strong>ADULTI<\/strong><\/span><\/p>\n<p align=\"center\"><strong>\u00a0<\/strong><\/p>\n<p align=\"center\"><span style=\"color: #ff0000;\"><strong>domenica 6 dicembre<\/strong><\/span><\/p>\n<p align=\"center\"><em>teatro-canzone<\/em><\/p>\n<p align=\"center\"><strong>\u201cElvis, il treno della ribalta\u201d<\/strong><\/p>\n<p align=\"center\"><em>Teatro dello Sbaglio<\/em><\/p>\n<p align=\"center\">\u00a0di con Cosimo Postiglione e Amedeo Monda (chitarra)<\/p>\n<p align=\"center\"><strong>\u00a0<\/strong><\/p>\n<p align=\"center\"><span style=\"color: #ff0000;\"><strong>domenica\u00a031 gennaio<\/strong><\/span><\/p>\n<p align=\"center\"><em>reading musicale<\/em><\/p>\n<p align=\"center\"><strong>\u00a0\u201cFrammenti di Stelle\u201d<\/strong><\/p>\n<p align=\"center\">omosessuali, rom, donne nel <em>firmamento <\/em>della Shoah<\/p>\n<p align=\"center\"><em>Teatro Studio<\/em><\/p>\n<p align=\"center\">con Enrica Pistolesi, Luca Pierini, Daniela Marretti<\/p>\n<p align=\"center\">\u00a0Massimo Pallini (chitarra)<\/p>\n<p align=\"center\">\u2014<\/p>\n<p align=\"center\"><span style=\"color: #ff0000;\"><strong>venerd\u00ec 12 febbraio<\/strong><\/span><\/p>\n<p align=\"center\"><em>evento gratuito<\/em><strong><br \/>\n<\/strong><\/p>\n<p align=\"center\"><em>PRESENTAZIONE DISCO<\/em><\/p>\n<p align=\"center\"><em>Paolo Mari \u00a0e David \u00a0Domilici<\/em><\/p>\n<p align=\"center\"><em>(chitarra e percussioni)<\/em><\/p>\n<p align=\"center\"><strong><br \/>\n<\/strong><\/p>\n<p align=\"center\"><span style=\"color: #ff0000;\"><strong>domenica 28 febbraio<\/strong><\/span><\/p>\n<p align=\"center\"><em>spettacolo adulti, teatro e danza<\/em><\/p>\n<p align=\"center\"><strong>\u201cE\u2019 arrivato Zampano\u2019!\u201d<\/strong><\/p>\n<p align=\"center\"><em>Arts&amp;Crafts <\/em><\/p>\n<p align=\"center\">con Mirio Tozzini e Isabella Tattarletti<\/p>\n<p align=\"center\">regia, Irene Paoletti<\/p>\n<p align=\"center\"><strong>\u00a0<\/strong><\/p>\n<p align=\"center\"><span style=\"color: #ff0000;\"><strong>domenica 3 aprile <\/strong><\/span><\/p>\n<p align=\"center\"><em>spettacolo per adulti, comico poetico<\/em><\/p>\n<p align=\"center\"><strong>\u2026Strange love\u2026 <\/strong><\/p>\n<p align=\"center\"><em>Chicchi d\u2019Arte<\/em><\/p>\n<p align=\"center\">con Valeria Petri ed Emanuele Culotta<\/p>\n<p align=\"center\">ideazione e regia Valeri Petri<\/p>\n<p align=\"center\">&#8212;&#8212;&#8211;<\/p>\n<p><span style=\"color: #ff0000;\"><strong>Informazioni:<\/strong><\/span> <strong><\/strong><\/p>\n<p><strong>TEATRO STUDIO<\/strong> \u2013 Via Ugo Bassi n.72 \u2013 ingresso 8,00\u20ac<\/p>\n<p>prenotare al 392.0686787 \u2013 email <a href=\"mailto:teatrostudio@gmail.com\">teatrostudio@gmail.com<\/a><\/p>\n","protected":false},"excerpt":{"rendered":"<p>RASSEGNA SPAZIO 72 V EDIZIONE 2015-2016\u00a0 pi\u00e9ces teatrali, reading musicali, monologhi, teatro di figura e narrazione per bambini<\/p>\n","protected":false},"author":1,"featured_media":0,"comment_status":"closed","ping_status":"open","sticky":false,"template":"","format":"standard","meta":{"ngg_post_thumbnail":0,"footnotes":""},"categories":[16],"tags":[],"class_list":["post-3211","post","type-post","status-publish","format-standard","hentry","category-archivio-spettacoli-bambini"],"jetpack_featured_media_url":"","_links":{"self":[{"href":"https:\/\/www.teatrostudio.it\/index.php\/wp-json\/wp\/v2\/posts\/3211","targetHints":{"allow":["GET"]}}],"collection":[{"href":"https:\/\/www.teatrostudio.it\/index.php\/wp-json\/wp\/v2\/posts"}],"about":[{"href":"https:\/\/www.teatrostudio.it\/index.php\/wp-json\/wp\/v2\/types\/post"}],"author":[{"embeddable":true,"href":"https:\/\/www.teatrostudio.it\/index.php\/wp-json\/wp\/v2\/users\/1"}],"replies":[{"embeddable":true,"href":"https:\/\/www.teatrostudio.it\/index.php\/wp-json\/wp\/v2\/comments?post=3211"}],"version-history":[{"count":5,"href":"https:\/\/www.teatrostudio.it\/index.php\/wp-json\/wp\/v2\/posts\/3211\/revisions"}],"predecessor-version":[{"id":6634,"href":"https:\/\/www.teatrostudio.it\/index.php\/wp-json\/wp\/v2\/posts\/3211\/revisions\/6634"}],"wp:attachment":[{"href":"https:\/\/www.teatrostudio.it\/index.php\/wp-json\/wp\/v2\/media?parent=3211"}],"wp:term":[{"taxonomy":"category","embeddable":true,"href":"https:\/\/www.teatrostudio.it\/index.php\/wp-json\/wp\/v2\/categories?post=3211"},{"taxonomy":"post_tag","embeddable":true,"href":"https:\/\/www.teatrostudio.it\/index.php\/wp-json\/wp\/v2\/tags?post=3211"}],"curies":[{"name":"wp","href":"https:\/\/api.w.org\/{rel}","templated":true}]}}