{"id":3198,"date":"2015-10-26T15:30:12","date_gmt":"2015-10-26T14:30:12","guid":{"rendered":"http:\/\/www.teatrostudio.it\/?p=3198"},"modified":"2021-10-05T12:00:54","modified_gmt":"2021-10-05T10:00:54","slug":"rassegna-spazio72-2015-16","status":"publish","type":"post","link":"https:\/\/www.teatrostudio.it\/index.php\/rassegna-spazio72-2015-16\/","title":{"rendered":"rassegna teatrale 2015-2016 &#8211; V edizione"},"content":{"rendered":"<p><a href=\"\/public\/RASSEGNA-15-16-MANIFESTO-A4.jpg\"><img loading=\"lazy\" decoding=\"async\" class=\"aligncenter size-medium wp-image-3191\" title=\"RASSEGNA 15-16 MANIFESTO A4\" src=\"\/public\/RASSEGNA-15-16-MANIFESTO-A4-212x300.jpg\" alt=\"\" width=\"212\" height=\"300\" srcset=\"\/public\/RASSEGNA-15-16-MANIFESTO-A4-212x300.jpg 212w, \/public\/RASSEGNA-15-16-MANIFESTO-A4-725x1024.jpg 725w, \/public\/RASSEGNA-15-16-MANIFESTO-A4.jpg 1240w\" sizes=\"auto, (max-width: 212px) 100vw, 212px\" \/><\/a><\/p>\n<h2 align=\"center\"><span style=\"color: #ff0000;\"><strong>RASSEGNA TEATRALE 2015-16<\/strong><\/span><\/h2>\n<h2 align=\"center\"><span style=\"color: #ff0000;\"><strong>DEL TEATRO STUDIO<\/strong><\/span><\/h2>\n<h2 align=\"center\"><span style=\"color: #ff0000;\"><strong>V edizione<\/strong><\/span><\/h2>\n<p align=\"center\"><strong>pi\u00e9ces teatrali, reading musicali, monologhi, teatro di figura e narrazione per bambini<\/strong><\/p>\n<p align=\"center\"><strong>Al suo quinto anno consecutivo, riparte la Rassegna Teatrale del Teatro Studio di Grosseto, con la collaborazione del Circolo Arci Khorakhan\u00e9.<\/strong><\/p>\n<p align=\"center\"><strong>Presso Spazio72, via Ugo Bassi 72, 74 a Grosseto.<\/strong><\/p>\n<div>Prendono parte alla Rassegna diverse Associazioni Teatrali Professionali del territorio, che come ogni anno, utilizzano la vetrina di questo evento per presentare i propri lavori ad un pubblico attento e partecipativo, quello che si \u00e8 raccolto in questi anni intorno alle attivit\u00e0 di Spazio72 e intorno al Teatro Studio.<\/div>\n<div>Teatro Studio e Khorakhan\u00e9 offrono alle compagnie professioniste locali, emergenti o consolidate, una occasione di esibirsi e animano i loro spazi, le loro sedi, le loro Associazioni di una importante attivit\u00e0 culturale, sociale, di incontro e di scambio tra le persone.<\/div>\n<div>E\u2019, quella di Spazio72, una Rassegna Indipendente, non finanziata, un patto col pubblico (formato da altri soci) che la vorr\u00e0 continuare a sostenere, resa possibile dall\u2019impegno assiduo e volontaristico della Direttrice Artistica e Presidente Daniela Marretti e di tutti i componenti del Teatro Studio.<\/div>\n<div>Come sempre la Rassegna si rivolge sia agli adulti che ai bambini, sia alle famiglie che ci piace sostenere, tanto che la scelta degli spettacoli per i piccoli viene sempre fatta tra le proposte di spettacoli che possano incantare e divertire anche gli adulti.<\/div>\n<div>Pi\u00f9 decisa la scelta degli spettacoli per adulti che non si adattano quasi mai ad uno sguardo infantile: monologhi e reading musicali, pi\u00e8ces teatrali dai linguaggi variegati, mai formali, \u00a0a volte forti, a volte dissacranti, sempre profondi.<\/div>\n<div>Nella Rassegna anche una serata alternativa, sia come giorno, che come orario che come genere, la presentazione del nuovo disco di Paolo Mari e David Domilici (musica brasiliana),\u00a0che sar\u00e0 offerto gratuitamente al pubblico.<\/div>\n<div>Di seguito gli eventi (non in ordine di data ma per suddivisione bambini\/adulti)<\/div>\n<div><\/div>\n<div>\n<h2 style=\"text-align: center;\"><span style=\"text-decoration: underline; color: #339966;\"><strong>BAMBINI<\/strong><\/span><\/h2>\n<p style=\"text-align: center;\"><strong><span style=\"color: #339966;\">DOMENICA\u00a0 8 NOVEMBRE ORE 18.00\u00a0<\/span><\/strong><\/p>\n<p style=\"text-align: center;\">VARIETA\u2019 COMICO-SURREALE PER GRANDI E PICCINI<\/p>\n<p style=\"text-align: center;\"><strong><span style=\"color: #ffcc00;\">&#8220;LA VALIGIA DEI SOGNI&#8221;<\/span><\/strong><\/p>\n<p style=\"text-align: center;\">COMPAGNIA TEATRALE SALTAPALCHI<\/p>\n<p style=\"text-align: center;\">CON ESTHER CERRI E VALERIA PETRI<\/p>\n<p style=\"text-align: center;\">&#8212;<\/p>\n<p style=\"text-align: center;\"><strong><span style=\"color: #339966;\">DOMENICA 24 GENNAIO ORE 18.00<\/span><\/strong><\/p>\n<p style=\"text-align: center;\">TEATRO COMICO<\/p>\n<p style=\"text-align: center;\"><strong><span style=\"color: #ffcc00;\">&#8220;IL CIRCO INVENTATO&#8221;<\/span><\/strong><\/p>\n<p style=\"text-align: center;\">TEATRO DEL TOPO BIRBANTE<\/p>\n<p style=\"text-align: center;\">CON STEFANO STEFANI E IRENE PAOLETTI<\/p>\n<p style=\"text-align: center;\">&#8212;<\/p>\n<p style=\"text-align: center;\"><strong><span style=\"color: #339966;\">DOMENICA 21 FEBBRAIO ORE 18.00<\/span><\/strong><\/p>\n<p style=\"text-align: center;\">BURATTINI<\/p>\n<p style=\"text-align: center;\"><strong><span style=\"color: #ffcc00;\">\u201cLILLO, LALLO E LA GUERRA\u201d<\/span><\/strong><\/p>\n<p style=\"text-align: center;\">COMPAGNIA TEATRALE SALTAPALCHI<\/p>\n<p style=\"text-align: center;\">CON ESTHER CERRI E LUCIO FONTANI<\/p>\n<p style=\"text-align: center;\">&#8212;<\/p>\n<p style=\"text-align: center;\"><strong><span style=\"color: #339966;\">DOMENICA 20 MARZO ORE 18.00<\/span><\/strong><\/p>\n<p style=\"text-align: center;\">PICCOLI PUPAZZI E OMBRE<\/p>\n<p style=\"text-align: center;\"><strong><span style=\"color: #ffcc00;\">\u201cMONDO SOTTOMARINO\u201d<\/span><\/strong><\/p>\n<p style=\"text-align: center;\">IL BERNOCCOLO<\/p>\n<p style=\"text-align: center;\">CON MIGUEL ROSARIO E ESTHER CERRI<\/p>\n<p style=\"text-align: center;\">IDEAZIONE, PUPAZZI E REGIA, MIGUEL ROSARIO<\/p>\n<p style=\"text-align: center;\">&#8212;<\/p>\n<h2 style=\"text-align: center;\"><span style=\"text-decoration: underline; color: #ff0000;\"><strong>ADULTI<\/strong><\/span><\/h2>\n<p style=\"text-align: center;\"><strong><span style=\"color: #ff0000;\">DOMENICA 6 DICEMBRE ORE 18.00\u00a0<\/span><\/strong><\/p>\n<p style=\"text-align: center;\">TEATRO CANZONE<\/p>\n<p style=\"text-align: center;\"><strong>&#8220;ELVIS, IL TRENO DELLA RIBALTA&#8221;<\/strong><\/p>\n<p style=\"text-align: center;\">TEATRO DELLO SBAGLIO<\/p>\n<p style=\"text-align: center;\">DI E CON COSIMO POSTIGLIONE<\/p>\n<p style=\"text-align: center;\">E AMEDEO MONDA (chitarra)<\/p>\n<p style=\"text-align: center;\">&#8212;<\/p>\n<p style=\"text-align: center;\"><strong><span style=\"color: #ff0000;\">DOMENICA 31 GENNAIO ORE 18.00<\/span><\/strong><\/p>\n<p style=\"text-align: center;\">READING MUSICALE<\/p>\n<p style=\"text-align: center;\">GIORNATA DELLA MEMORIA<\/p>\n<p style=\"text-align: center;\"><strong>\u201cFRAMMENTI DI STELLE\u201d<\/strong><\/p>\n<p style=\"text-align: center;\">OMOSESSUALI, ROM, DONNE NEL FIRMAMENTO DELLA SHOAH<\/p>\n<p style=\"text-align: center;\">TEATRO STUDIO<\/p>\n<p style=\"text-align: center;\">CON ENRICA PISTOLESI, LUCA PIERINI,<\/p>\n<p style=\"text-align: center;\">DANIELA MARRETTI, MASSIMO PALLINI (chitarra)<\/p>\n<p style=\"text-align: center;\">&#8212;<\/p>\n<p style=\"text-align: center;\"><strong><span style=\"color: #ff0000;\">VENERDI\u2019 12 FEBBRAIO ORE 21.30<\/span><\/strong><\/p>\n<p style=\"text-align: center;\">SPETTACOLO MUSICALE<\/p>\n<p style=\"text-align: center;\"><strong>\u201cM\u00c3OS, CABE\u00c7A E CORA\u00c7\u00c3O\u201d<\/strong><\/p>\n<p style=\"text-align: center;\">PRESENTAZIONE DEL DISCO \u201cMANI, TESTA E CUORE\u201d<\/p>\n<p style=\"text-align: center;\">(ingresso gratuito)<\/p>\n<p style=\"text-align: center;\">CON PAOLO MARI (chitarra)<\/p>\n<p style=\"text-align: center;\">E DAVID DOMILICI (percussioni)<\/p>\n<p style=\"text-align: center;\">&#8212;<\/p>\n<p style=\"text-align: center;\"><strong><span style=\"color: #ff0000;\">DOMENICA 28 FEBBRAIO ORE 18.00<\/span><\/strong><\/p>\n<p style=\"text-align: center;\">TEATRO E DANZA<\/p>\n<p style=\"text-align: center;\"><strong>\u201cE\u2019 ARRIVATO ZAMPANO\u2019!\u201d<\/strong><\/p>\n<p style=\"text-align: center;\">ARTS&amp;CRAFTS<\/p>\n<p style=\"text-align: center;\">CON MIRIO TOZZINI E ISABELLA TATTARLETTI<\/p>\n<p style=\"text-align: center;\">REGIA, IRENE PAOLETTI<\/p>\n<p style=\"text-align: center;\">&#8212;<\/p>\n<p style=\"text-align: center;\"><strong><span style=\"color: #ff0000;\">DOMENICA 3 APRILE ORE 18.00<\/span><\/strong><\/p>\n<p style=\"text-align: center;\">COMICO POETICO<\/p>\n<p style=\"text-align: center;\"><strong>\u201c&#8230;STRANGE LOVE&#8230;\u201d<\/strong><\/p>\n<p style=\"text-align: center;\">CHICCHI D\u2019ARTE<\/p>\n<p style=\"text-align: center;\">CON VALERIA PETRI ED EMANUELE CULOTTA<\/p>\n<p style=\"text-align: center;\">IDEAZIONE E REGIA, VALERIA PETRI<\/p>\n<p style=\"text-align: center;\">&#8212;<\/p>\n<\/div>\n<p style=\"text-align: center;\"><strong><span style=\"color: #ff0000;\">TEATRO STUDIO<\/span><\/strong> &#8211; Via Ugo Bassi, 72 &#8211; Grosseto<br \/>\ninformazioni:\u00a0 392.0686787 &#8211; teatrostudio@gmail.com www.teatrostudio.it<br \/>\ningresso 8,00 \u20ac &#8211; si consiglia prenotazione<\/p>\n","protected":false},"excerpt":{"rendered":"<p>RASSEGNA TEATRALE 2015-16 DEL TEATRO STUDIO V edizione pi\u00e9ces teatrali, reading musicali, monologhi, teatro di figura e narrazione<\/p>\n","protected":false},"author":1,"featured_media":0,"comment_status":"closed","ping_status":"open","sticky":false,"template":"","format":"standard","meta":{"ngg_post_thumbnail":0,"footnotes":""},"categories":[6],"tags":[],"class_list":["post-3198","post","type-post","status-publish","format-standard","hentry","category-rassegna-teatrale"],"jetpack_featured_media_url":"","_links":{"self":[{"href":"https:\/\/www.teatrostudio.it\/index.php\/wp-json\/wp\/v2\/posts\/3198","targetHints":{"allow":["GET"]}}],"collection":[{"href":"https:\/\/www.teatrostudio.it\/index.php\/wp-json\/wp\/v2\/posts"}],"about":[{"href":"https:\/\/www.teatrostudio.it\/index.php\/wp-json\/wp\/v2\/types\/post"}],"author":[{"embeddable":true,"href":"https:\/\/www.teatrostudio.it\/index.php\/wp-json\/wp\/v2\/users\/1"}],"replies":[{"embeddable":true,"href":"https:\/\/www.teatrostudio.it\/index.php\/wp-json\/wp\/v2\/comments?post=3198"}],"version-history":[{"count":9,"href":"https:\/\/www.teatrostudio.it\/index.php\/wp-json\/wp\/v2\/posts\/3198\/revisions"}],"predecessor-version":[{"id":3200,"href":"https:\/\/www.teatrostudio.it\/index.php\/wp-json\/wp\/v2\/posts\/3198\/revisions\/3200"}],"wp:attachment":[{"href":"https:\/\/www.teatrostudio.it\/index.php\/wp-json\/wp\/v2\/media?parent=3198"}],"wp:term":[{"taxonomy":"category","embeddable":true,"href":"https:\/\/www.teatrostudio.it\/index.php\/wp-json\/wp\/v2\/categories?post=3198"},{"taxonomy":"post_tag","embeddable":true,"href":"https:\/\/www.teatrostudio.it\/index.php\/wp-json\/wp\/v2\/tags?post=3198"}],"curies":[{"name":"wp","href":"https:\/\/api.w.org\/{rel}","templated":true}]}}