{"id":2941,"date":"2015-06-03T17:19:17","date_gmt":"2015-06-03T15:19:17","guid":{"rendered":"http:\/\/www.teatrostudio.it\/?p=2941"},"modified":"2023-02-15T13:08:35","modified_gmt":"2023-02-15T12:08:35","slug":"tre-pezzi-cento-lire-siena","status":"publish","type":"post","link":"https:\/\/www.teatrostudio.it\/index.php\/tre-pezzi-cento-lire-siena\/","title":{"rendered":"TRE PEZZI CENTO LIRE &#8211; Siena"},"content":{"rendered":"<div><\/div>\n<div><strong><strong><a href=\"\/public\/gente-di-toscana.jpg\"><img loading=\"lazy\" decoding=\"async\" title=\"gente di toscana\" src=\"\/public\/gente-di-toscana-213x300.jpg\" alt=\"luciana bellini\" width=\"213\" height=\"300\" \/><\/a><\/strong><\/strong><\/p>\n<h2><strong>MERCOLEDI&#8217;<\/strong><strong> 10 GIUGNO 2015 ORE 20.00 all&#8217;Orto de&#8217; Pecci di Siena nell&#8217;ambito della Rassegna Gente di Toscana<\/strong><\/h2>\n<h2><span style=\"color: #ffcc00;\"><strong>\u201cTRE PEZZI CENTO LIRE\u201d <\/strong><\/span><\/h2>\n<p><strong>DI LUCIANA BELLINI<\/strong><br \/>\n<strong>COMPAGNIA TEATRO STUDIO<\/strong><br \/>\n<strong>ADATTAMENTO DEL TESTO E REGIA MARIO FRASCHETTI<\/strong><\/p>\n<h4>Un racconto sull\u2019avvento della plastica in Maremma<\/h4>\n<p><em>\u201cLa modernit\u00e0 \u00e8 una fiaba dolorosa.<\/em><br \/>\n<em>Una terra promessa.<\/em><br \/>\n<em>Si manifesta agli uomini<\/em><br \/>\n<em>come \u2018inganno\u2019 di un<\/em><br \/>\n<em>dio ambiguo.\u201d<\/em><\/p>\n<p><strong>L<\/strong><strong>\u2019eclettica<\/strong><strong> <em>Compagnia<\/em><\/strong><strong><em> del<\/em><\/strong><strong><em> Teatro<\/em><\/strong><strong><em> Studio<\/em> di Grosseto,<\/strong><strong> <\/strong><strong>presenta<\/strong><strong> la<\/strong><strong> nuova<\/strong><strong> produzione<\/strong><strong> di<\/strong><strong> Teatro<\/strong><strong> Popolare<\/strong><strong> \u201cTre<\/strong><strong> pezzi<\/strong><strong> cento<\/strong><strong> lire<\/strong><strong>\u201d,<\/strong><strong> dall<\/strong><strong>\u2019ultimo<\/strong><strong> lavoro<\/strong><strong> di<\/strong><strong> Luciana<\/strong><strong> Bellini<\/strong>, che con la consueta arguzia e semplicit\u00e0, ripercorre quel periodo cruciale della nostra storia, i primi anni cinquanta, l\u2019avvento della plastica, degli elettrodomestici, del benessere apparente, che ha cambiato volto alla societ\u00e0. Ci sar\u00e0 da ridere teneramente, ma non si potr\u00e0 fare a meno di cogliere un\u2019amara analisi, che ora pi\u00f9 che mai mostra i risultati di scelte scellerate.<\/p>\n<p>L\u2019intento di mettere in scena una storia dialettale e contadina non \u00e8 soltanto per un moto di dovuta simpatia, ma ha una precisa esigenza politica e civile: \u201c&#8230;Si potrebbe dire che la poesia dialettale \u00e8 un paesaggio notturno colpito a un tratto dalla luce. Per quanto mediocre essa sia&#8230; pone sempre di fronte a un fatto compiuto, con tutta la fisicit\u00e0 di una nuvola o di un geranio.\u201d (P.P. Pasolini in <em>Scritti Corsari<\/em>).<\/p>\n<p>Nello spettacolo confluiscono altri acquerelli tratti da diversi testi di Luciana Bellini (<em>Racconti Raccontati, La Capitana, La Terra delle Donne<\/em>) e attinge alla introduzione a cura di Antonello Ricci e al \u201critrattino\u201d dell\u2019autrice che ha composto in prosa Corrado Barontini.<\/p>\n<p><em>interpreti: <\/em>Enrica Pistolesi, Luca Pierini, Cosimo Postiglione, Daniela Marretti, Mirio Tozzini, Beatrice Solito<\/p>\n<p><em>regia dei movimenti, oggetti di scena: <\/em>Valeria Petri<\/p>\n<p><em>adattamento del testo e regia: <\/em>Mario Fraschetti<\/p>\n<\/div>\n","protected":false},"excerpt":{"rendered":"<p>MERCOLEDI&#8217; 10 GIUGNO 2015 ORE 20.00 all&#8217;Orto de&#8217; Pecci di Siena nell&#8217;ambito della Rassegna Gente di Toscana \u201cTRE<\/p>\n","protected":false},"author":1,"featured_media":0,"comment_status":"closed","ping_status":"open","sticky":false,"template":"","format":"standard","meta":{"ngg_post_thumbnail":0,"footnotes":""},"categories":[20,23],"tags":[],"class_list":["post-2941","post","type-post","status-publish","format-standard","hentry","category-teatro-popolare-della-maremma","category-archivio-spettacoli-in-programma"],"jetpack_featured_media_url":"","_links":{"self":[{"href":"https:\/\/www.teatrostudio.it\/index.php\/wp-json\/wp\/v2\/posts\/2941","targetHints":{"allow":["GET"]}}],"collection":[{"href":"https:\/\/www.teatrostudio.it\/index.php\/wp-json\/wp\/v2\/posts"}],"about":[{"href":"https:\/\/www.teatrostudio.it\/index.php\/wp-json\/wp\/v2\/types\/post"}],"author":[{"embeddable":true,"href":"https:\/\/www.teatrostudio.it\/index.php\/wp-json\/wp\/v2\/users\/1"}],"replies":[{"embeddable":true,"href":"https:\/\/www.teatrostudio.it\/index.php\/wp-json\/wp\/v2\/comments?post=2941"}],"version-history":[{"count":8,"href":"https:\/\/www.teatrostudio.it\/index.php\/wp-json\/wp\/v2\/posts\/2941\/revisions"}],"predecessor-version":[{"id":8268,"href":"https:\/\/www.teatrostudio.it\/index.php\/wp-json\/wp\/v2\/posts\/2941\/revisions\/8268"}],"wp:attachment":[{"href":"https:\/\/www.teatrostudio.it\/index.php\/wp-json\/wp\/v2\/media?parent=2941"}],"wp:term":[{"taxonomy":"category","embeddable":true,"href":"https:\/\/www.teatrostudio.it\/index.php\/wp-json\/wp\/v2\/categories?post=2941"},{"taxonomy":"post_tag","embeddable":true,"href":"https:\/\/www.teatrostudio.it\/index.php\/wp-json\/wp\/v2\/tags?post=2941"}],"curies":[{"name":"wp","href":"https:\/\/api.w.org\/{rel}","templated":true}]}}