{"id":2039,"date":"2014-01-07T21:16:36","date_gmt":"2014-01-07T20:16:36","guid":{"rendered":"http:\/\/www.teatrostudio.it\/?p=2039"},"modified":"2019-12-12T09:06:00","modified_gmt":"2019-12-12T08:06:00","slug":"la-principessa-dai-bei-capelli","status":"publish","type":"post","link":"https:\/\/www.teatrostudio.it\/index.php\/la-principessa-dai-bei-capelli\/","title":{"rendered":"la principessa dai bei capelli"},"content":{"rendered":"<div>\n<h2><a href=\"\/public\/principessa-dai-bei-capelli.jpg\"><img loading=\"lazy\" decoding=\"async\" title=\"principessa dai bei capelli\" src=\"\/public\/principessa-dai-bei-capelli.jpg\" alt=\"sabrina gatto\" width=\"237\" height=\"161\" \/><\/a><\/h2>\n<\/div>\n<div>Sabato 11 gennaio 2014 ore 18,00 l&#8217;associazione Raccont<strong>i<\/strong>ncontri presenta il libro<\/div>\n<h2><span style=\"color: #ffff00;\">&#8220;La principessa<\/span> <span style=\"color: #ffffff;\">dai bei<\/span> <span style=\"color: #ffff00;\">capelli&#8221;<\/span><\/h2>\n<div>di SABRINA GATTO<\/div>\n<div><\/div>\n<div><strong>Libreria delle Ragazze<\/strong> &#8211; via Pergolesi 3a \u2013 Grosseto<\/div>\n<div><\/div>\n<div>\n<p>Presentazione del libro, a cura di <em>Daniela Marretti<\/em>\u00a0 (Presidente Teatro Studio)<\/p>\n<p>Intervengono:<\/p>\n<p>A<em>driana Medei<\/em> (Counselor) &#8220;S<em>imbologia e linguaggi archetipici nelle fiabe&#8221;<\/em><em><br \/>\n<\/em><\/p>\n<p><em>Enrica Pistolesi, Luca Pierini e Paolo Mari<\/em> (Teatro Studio) <em>Reading Musicale &#8220;La Principessa dai bei capelli&#8221;<\/em><br \/>\nCara mamma, caro pap\u00e0\u2026<\/p>\n<p>\u2026forse anche tu come me ti trovi in un momento difficile della vita perch\u00e9 tu e la tua famiglia dovrete sconfiggere un tumore\u2026 e la cosa si complica, diciamo cos\u00ec, se siete genitori di bambini piccoli. Cosa dire loro? Come affrontare il discorso della malattia e delle sue conseguenze? Io ero assalita da queste domande e quindi ho cercato libri che mi aiutassero a comunicare con i miei figli nel modo giusto, ho cercato su internet, infine ho contattato la psicologa dell\u2019Istituto dei Tumori e ho compreso l\u2019unica cosa fondamentale: <em>dire la verit\u00e0<\/em>.<\/p>\n<p>Non \u00e8 facile con i bambini trovare le giuste parole per essere veramente compresi allora mi sono creata uno strumento. Mentre ero ricoverata ho realizzato il mio libro \u201cfatto a mano\u201d e tornata a casa, ai miei due gemellini Bianca e Sebastiano, ho raccontato questa semplice favola. Perdere i capelli non \u00e8 stata comunque una passeggiata ma poter parlare di un tema cos\u00ec inusuale e emotivamente complesso attraverso un linguaggio a loro consono \u00e8 stato rassicurante. Nei nostri discorsi la Principessa Melania \u00e8 comparsa spesso e dopo qualche tempo anche i miei capelli. Auguri di cuore a te che leggi e ai tuoi bambini\u2026 la vita \u00e8 bella!!!<\/p>\n<p><a href=\"\/public\/principessa.jpg\"><img loading=\"lazy\" decoding=\"async\" title=\"principessa\" src=\"\/public\/principessa-300x223.jpg\" alt=\"sabrina gatto fiaba\" width=\"300\" height=\"223\" \/><\/a><\/p>\n<\/div>\n<p>&nbsp;<\/p>\n","protected":false},"excerpt":{"rendered":"<p>Sabato 11 gennaio 2014 ore 18,00 l&#8217;associazione Raccontincontri presenta il libro &#8220;La principessa dai bei capelli&#8221; di SABRINA<\/p>\n","protected":false},"author":1,"featured_media":0,"comment_status":"closed","ping_status":"open","sticky":false,"template":"","format":"standard","meta":{"ngg_post_thumbnail":0,"footnotes":""},"categories":[12,1],"tags":[],"class_list":["post-2039","post","type-post","status-publish","format-standard","hentry","category-fiabe-per-bambini-in-programma","category-senza-categoria"],"jetpack_featured_media_url":"","_links":{"self":[{"href":"https:\/\/www.teatrostudio.it\/index.php\/wp-json\/wp\/v2\/posts\/2039","targetHints":{"allow":["GET"]}}],"collection":[{"href":"https:\/\/www.teatrostudio.it\/index.php\/wp-json\/wp\/v2\/posts"}],"about":[{"href":"https:\/\/www.teatrostudio.it\/index.php\/wp-json\/wp\/v2\/types\/post"}],"author":[{"embeddable":true,"href":"https:\/\/www.teatrostudio.it\/index.php\/wp-json\/wp\/v2\/users\/1"}],"replies":[{"embeddable":true,"href":"https:\/\/www.teatrostudio.it\/index.php\/wp-json\/wp\/v2\/comments?post=2039"}],"version-history":[{"count":9,"href":"https:\/\/www.teatrostudio.it\/index.php\/wp-json\/wp\/v2\/posts\/2039\/revisions"}],"predecessor-version":[{"id":5509,"href":"https:\/\/www.teatrostudio.it\/index.php\/wp-json\/wp\/v2\/posts\/2039\/revisions\/5509"}],"wp:attachment":[{"href":"https:\/\/www.teatrostudio.it\/index.php\/wp-json\/wp\/v2\/media?parent=2039"}],"wp:term":[{"taxonomy":"category","embeddable":true,"href":"https:\/\/www.teatrostudio.it\/index.php\/wp-json\/wp\/v2\/categories?post=2039"},{"taxonomy":"post_tag","embeddable":true,"href":"https:\/\/www.teatrostudio.it\/index.php\/wp-json\/wp\/v2\/tags?post=2039"}],"curies":[{"name":"wp","href":"https:\/\/api.w.org\/{rel}","templated":true}]}}